{"id":3553,"date":"2025-09-07T17:54:46","date_gmt":"2025-09-07T15:54:46","guid":{"rendered":"https:\/\/www.lumina-mundi.com\/?p=3553"},"modified":"2025-09-07T18:03:10","modified_gmt":"2025-09-07T16:03:10","slug":"odeurs-emotions-cerveau-memoire-olfactive","status":"publish","type":"post","link":"https:\/\/www.lumina-mundi.com\/nl\/2025\/09\/07\/odeurs-emotions-cerveau-memoire-olfactive\/","title":{"rendered":"Comment les odeurs influencent nos \u00e9motions et notre cerveau."},"content":{"rendered":"<p>Tu vois quand tu te r\u00e9veilles le matin un peu du mauvais pied ? Puis, tu lances la machine \u00e0 caf\u00e9 et d\u2019un coup, l\u2019odeur du grain moulu et du caf\u00e9 chaud qui coule dans ta tasse pr\u00e9f\u00e9r\u00e9e te r\u00e9chauffe avant m\u00eame d\u2019avoir pos\u00e9 tes l\u00e8vres dessus.<\/p>\n\n\n\n<p>\ud83d\udc49 \u00c7a, c\u2019est la <strong>m\u00e9moire olfactive affective<\/strong> : l\u2019activation directe des circuits \u00e9motionnels du cerveau par une odeur.<\/p>\n\n\n\n<p>Aujourd\u2019hui, je te propose de mieux comprendre le fonctionnement de ce ph\u00e9nom\u00e8ne trop peu connu, qui peut pourtant transformer ton quotidien. <\/p>\n\n\n\n<h2 class=\"wp-block-heading\">Le chemin de l\u2019odeur jusqu\u2019au cerveau<\/h2>\n\n\n\n<p>Quand nous respirons une fragrance, les mol\u00e9cules volatiles atteignent la muqueuse olfactive dans notre nez. L\u00e0, elles se fixent sur des r\u00e9cepteurs sp\u00e9cialis\u00e9s, un peu comme une cl\u00e9 dans une serrure.<\/p>\n\n\n\n<p>En quelques millisecondes, le signal remonte vers le bulbe olfactif, puis est envoy\u00e9 directement au syst\u00e8me limbique : l\u2019amygdale (\u00e9motions) et l\u2019hippocampe (m\u00e9moire).<\/p>\n\n\n\n<p>\ud83d\udc49 L\u2019odorat est <strong>le seul de nos sens<\/strong> qui a un acc\u00e8s direct \u00e0 ces zones, sans passer par le cortex rationnel. C\u2019est pour cela qu\u2019une odeur d\u00e9clenche une r\u00e9action imm\u00e9diate.<\/p>\n\n\n\n<h2 class=\"wp-block-heading\">Les mol\u00e9cules cl\u00e9s et leurs effets<\/h2>\n\n\n\n<p>Chaque mol\u00e9cule odorante a une structure chimique particuli\u00e8re qui lui permet d\u2019activer des r\u00e9cepteurs sp\u00e9cifiques, et donc de moduler nos neurotransmetteurs :<\/p>\n\n\n\n<ul class=\"wp-block-list\">\n<li>\ud83c\udf4a <strong>Limon\u00e8ne<\/strong> (agrumes) : stimule dopamine et s\u00e9rotonine \u2192 motivation, bien-\u00eatre.<\/li>\n\n\n\n<li>\ud83c\udf38 <strong>Linalool<\/strong> (lavande, n\u00e9roli, ylang-ylang) : agit sur les r\u00e9cepteurs GABA_A \u2192 relaxation, apaisement.<\/li>\n\n\n\n<li>\ud83c\udf66 <strong>Vanilline<\/strong> (vanille, benjoin) : active le circuit de r\u00e9compense \u2192 plaisir, s\u00e9curit\u00e9.<\/li>\n\n\n\n<li> \ud83c\udf36 <strong>Eug\u00e9nol<\/strong> (clou de girofle, cannelle) : interagit avec les r\u00e9cepteurs TRP (TRPV1) \u2192 chaleur, effet antalgique.<\/li>\n<\/ul>\n\n\n\n<h2 class=\"wp-block-heading\">Les preuves scientifiques<\/h2>\n\n\n\n<p>Les effets de ces mol\u00e9cules ont \u00e9t\u00e9 valid\u00e9s dans plusieurs \u00e9tudes :<\/p>\n\n\n\n<ul class=\"wp-block-list\">\n<li>\ud83c\udf4a <strong>Agrumes &amp; limon\u00e8ne<\/strong> : une \u00e9tude japonaise (1995) a montr\u00e9 une baisse du cortisol et une am\u00e9lioration de l\u2019humeur chez des patient\u00b7es d\u00e9pressifs (<a href=\"https:\/\/pubmed.ncbi.nlm.nih.gov\/8646568\/?utm_source=chatgpt.com\">PubMed<\/a>).<\/li>\n\n\n\n<li>\ud83c\udf38 <strong>Linalool<\/strong> : confirm\u00e9 comme calmant via les r\u00e9cepteurs GABA_A (<a href=\"https:\/\/pmc.ncbi.nlm.nih.gov\/articles\/PMC5478857\/?utm_source=chatgpt.com\">PMC<\/a>).<\/li>\n\n\n\n<li>\ud83d\udc9c <strong>Lavande<\/strong> : m\u00e9ta-analyse \u2192 r\u00e9duction de l\u2019anxi\u00e9t\u00e9 pr\u00e9op\u00e9ratoire (<a href=\"https:\/\/pmc.ncbi.nlm.nih.gov\/articles\/PMC10671255\/?utm_source=chatgpt.com\">PMC<\/a>).<\/li>\n\n\n\n<li>\ud83c\udf66 <strong>Vanille<\/strong> : r\u00e9duction des apn\u00e9es chez des b\u00e9b\u00e9s pr\u00e9matur\u00e9s (<a href=\"https:\/\/pmc.ncbi.nlm.nih.gov\/articles\/PMC3684469\/?utm_source=chatgpt.com\">PMC<\/a>).<\/li>\n<\/ul>\n\n\n\n<p>\ud83d\udc49 Les r\u00e9sultats varient selon les individus et le contexte, mais le consensus scientifique est clair : les odeurs ont un impact mesurable sur nos \u00e9motions et notre physiologie.<\/p>\n\n\n\n<h2 class=\"wp-block-heading\">M\u00e9moire olfactive et \u00e9motions<\/h2>\n\n\n\n<p>Une odeur peut faire ressurgir un souvenir oubli\u00e9 depuis des ann\u00e9es, avec toute l\u2019\u00e9motion qui l\u2019accompagne. C\u2019est ce qu\u2019on appelle l\u2019<strong>effet Proust<\/strong>. Ce lien unique entre odeur et m\u00e9moire explique pourquoi certaines senteurs nous rassurent ou nous apaisent instantan\u00e9ment.<\/p>\n\n\n\n<h2 class=\"wp-block-heading\">L\u2019odeur comme outil de transformation<\/h2>\n\n\n\n<p>Respirer une odeur pr\u00e9cise, c\u2019est envoyer une information chimique au cerveau.<\/p>\n\n\n\n<ul class=\"wp-block-list\">\n<li>Face au stress \u2192 certaines odeurs r\u00e9duisent le cortisol.<\/li>\n\n\n\n<li>Face \u00e0 la fatigue ou \u00e0 la m\u00e9lancolie \u2192 d\u2019autres stimulent l\u2019\u00e9nergie.<\/li>\n\n\n\n<li>Face \u00e0 l\u2019anxi\u00e9t\u00e9 \u2192 certaines apportent r\u00e9confort et s\u00e9curit\u00e9.<\/li>\n<\/ul>\n\n\n\n<p>Une fragrance adapt\u00e9e peut suffire \u00e0 r\u00e9\u00e9quilibrer une journ\u00e9e difficile.<\/p>\n\n\n\n<h2 class=\"wp-block-heading\">Vers une hygi\u00e8ne olfactive consciente<\/h2>\n\n\n\n<p>Nous faisons attention \u00e0 ce que nous mangeons et buvons, mais rarement \u00e0 ce que nous respirons. Pourtant, les odeurs influencent directement notre humeur, notre stress et notre \u00e9nergie.<\/p>\n\n\n\n<p>\ud83d\udc49 Prendre soin de son environnement olfactif, c\u2019est se donner un outil simple pour am\u00e9liorer son bien-\u00eatre au quotidien.<\/p>\n\n\n<div class=\"wp-block-image\">\n<figure class=\"aligncenter size-large is-resized\"><img fetchpriority=\"high\" decoding=\"async\" width=\"819\" height=\"1024\" src=\"https:\/\/www.lumina-mundi.com\/wp-content\/uploads\/2025\/09\/1-1-819x1024.jpg\" alt=\"L'influence des odeurs sur le cerveau\" class=\"wp-image-3557\" style=\"width:451px;height:auto\" srcset=\"https:\/\/www.lumina-mundi.com\/wp-content\/uploads\/2025\/09\/1-1-819x1024.jpg 819w, https:\/\/www.lumina-mundi.com\/wp-content\/uploads\/2025\/09\/1-1-240x300.jpg 240w, https:\/\/www.lumina-mundi.com\/wp-content\/uploads\/2025\/09\/1-1-768x960.jpg 768w, https:\/\/www.lumina-mundi.com\/wp-content\/uploads\/2025\/09\/1-1-10x12.jpg 10w, https:\/\/www.lumina-mundi.com\/wp-content\/uploads\/2025\/09\/1-1-600x750.jpg 600w, https:\/\/www.lumina-mundi.com\/wp-content\/uploads\/2025\/09\/1-1-1x1.jpg 1w, https:\/\/www.lumina-mundi.com\/wp-content\/uploads\/2025\/09\/1-1-8x10.jpg 8w, https:\/\/www.lumina-mundi.com\/wp-content\/uploads\/2025\/09\/1-1.jpg 1080w\" sizes=\"(max-width: 819px) 100vw, 819px\" \/><\/figure>\n<\/div>\n\n\n<p>Si tu veux en savoir plus sur le syst\u00e8me lymphatique, c&rsquo;est par ici \ud83d\udc49 <a href=\"https:\/\/www.lumina-mundi.com\/nl\/2025\/07\/31\/circulation-lymphatique-naturelle-sanatio\/\">https:\/\/www.lumina-mundi.com\/2025\/07\/31\/circulation-lymphatique-naturelle-sanatio\/<\/a><\/p>\n\n\n\n<p>Si tu veux en savoir plus sur les huiles v\u00e9g\u00e9tales, c&rsquo;est par ici \ud83d\udc49<a href=\"https:\/\/www.lumina-mundi.com\/nl\/2025\/07\/21\/huile-vegetale-definition-bienfaits-choix\/\">https:\/\/www.lumina-mundi.com\/2025\/07\/21\/huile-vegetale-definition-bienfaits-choix\/<\/a><\/p>\n\n\n\n<p><\/p>","protected":false},"excerpt":{"rendered":"<p>Tu vois quand tu te r\u00e9veilles le matin un peu du mauvais pied ? Puis, tu lances la machine \u00e0 caf\u00e9 et d\u2019un coup, l\u2019odeur&#8230;<\/p>","protected":false},"author":8,"featured_media":3556,"comment_status":"open","ping_status":"open","sticky":false,"template":"","format":"standard","meta":{"footnotes":""},"categories":[1],"tags":[],"class_list":["post-3553","post","type-post","status-publish","format-standard","has-post-thumbnail","hentry","category-non-classe"],"yoast_head":"<!-- This site is optimized with the Yoast SEO plugin v26.7 - https:\/\/yoast.com\/wordpress\/plugins\/seo\/ -->\n<title>Comment les odeurs influencent nos \u00e9motions et notre cerveau. &#8902; LUMINA MUNDI<\/title>\n<meta name=\"description\" content=\"D\u00e9couvrez comment les mol\u00e9cules odorantes agissent directement sur le cerveau, influencent nos \u00e9motions et transforment notre quotidien.\" \/>\n<meta name=\"robots\" content=\"index, follow, max-snippet:-1, max-image-preview:large, max-video-preview:-1\" \/>\n<link rel=\"canonical\" href=\"https:\/\/www.lumina-mundi.com\/nl\/2025\/09\/07\/odeurs-emotions-cerveau-memoire-olfactive\/\" \/>\n<meta property=\"og:locale\" content=\"nl_BE\" \/>\n<meta property=\"og:type\" content=\"article\" \/>\n<meta property=\"og:title\" content=\"Comment les odeurs influencent nos \u00e9motions et notre cerveau. &#8902; LUMINA MUNDI\" \/>\n<meta property=\"og:description\" content=\"D\u00e9couvrez comment les mol\u00e9cules odorantes agissent directement sur le cerveau, influencent nos \u00e9motions et transforment notre quotidien.\" \/>\n<meta property=\"og:url\" content=\"https:\/\/www.lumina-mundi.com\/nl\/2025\/09\/07\/odeurs-emotions-cerveau-memoire-olfactive\/\" \/>\n<meta property=\"og:site_name\" content=\"LUMINA MUNDI\" \/>\n<meta property=\"article:published_time\" content=\"2025-09-07T15:54:46+00:00\" \/>\n<meta property=\"article:modified_time\" content=\"2025-09-07T16:03:10+00:00\" \/>\n<meta property=\"og:image\" content=\"https:\/\/www.lumina-mundi.com\/wp-content\/uploads\/2025\/09\/2.jpg\" \/>\n\t<meta property=\"og:image:width\" content=\"1920\" \/>\n\t<meta property=\"og:image:height\" content=\"1080\" \/>\n\t<meta property=\"og:image:type\" content=\"image\/jpeg\" \/>\n<meta name=\"author\" content=\"Martin Delhasse\" \/>\n<meta name=\"twitter:card\" content=\"summary_large_image\" \/>\n<meta name=\"twitter:label1\" content=\"Geschreven door\" \/>\n\t<meta name=\"twitter:data1\" content=\"Martin Delhasse\" \/>\n\t<meta name=\"twitter:label2\" content=\"Geschatte leestijd\" \/>\n\t<meta name=\"twitter:data2\" content=\"3 minuten\" \/>\n<script type=\"application\/ld+json\" class=\"yoast-schema-graph\">{\"@context\":\"https:\/\/schema.org\",\"@graph\":[{\"@type\":\"Article\",\"@id\":\"https:\/\/www.lumina-mundi.com\/2025\/09\/07\/odeurs-emotions-cerveau-memoire-olfactive\/#article\",\"isPartOf\":{\"@id\":\"https:\/\/www.lumina-mundi.com\/2025\/09\/07\/odeurs-emotions-cerveau-memoire-olfactive\/\"},\"author\":{\"name\":\"Martin Delhasse\",\"@id\":\"https:\/\/www.lumina-mundi.com\/#\/schema\/person\/3b62c1558aa6b16cff4aa4c14b7c8295\"},\"headline\":\"Comment les odeurs influencent nos \u00e9motions et notre cerveau.\",\"datePublished\":\"2025-09-07T15:54:46+00:00\",\"dateModified\":\"2025-09-07T16:03:10+00:00\",\"mainEntityOfPage\":{\"@id\":\"https:\/\/www.lumina-mundi.com\/2025\/09\/07\/odeurs-emotions-cerveau-memoire-olfactive\/\"},\"wordCount\":619,\"commentCount\":0,\"publisher\":{\"@id\":\"https:\/\/www.lumina-mundi.com\/#organization\"},\"image\":{\"@id\":\"https:\/\/www.lumina-mundi.com\/2025\/09\/07\/odeurs-emotions-cerveau-memoire-olfactive\/#primaryimage\"},\"thumbnailUrl\":\"https:\/\/www.lumina-mundi.com\/wp-content\/uploads\/2025\/09\/2.jpg\",\"articleSection\":[\"Non class\u00e9\"],\"inLanguage\":\"nl-BE\",\"potentialAction\":[{\"@type\":\"CommentAction\",\"name\":\"Comment\",\"target\":[\"https:\/\/www.lumina-mundi.com\/2025\/09\/07\/odeurs-emotions-cerveau-memoire-olfactive\/#respond\"]}]},{\"@type\":\"WebPage\",\"@id\":\"https:\/\/www.lumina-mundi.com\/2025\/09\/07\/odeurs-emotions-cerveau-memoire-olfactive\/\",\"url\":\"https:\/\/www.lumina-mundi.com\/2025\/09\/07\/odeurs-emotions-cerveau-memoire-olfactive\/\",\"name\":\"Comment les odeurs influencent nos \u00e9motions et notre cerveau. &#8902; LUMINA MUNDI\",\"isPartOf\":{\"@id\":\"https:\/\/www.lumina-mundi.com\/#website\"},\"primaryImageOfPage\":{\"@id\":\"https:\/\/www.lumina-mundi.com\/2025\/09\/07\/odeurs-emotions-cerveau-memoire-olfactive\/#primaryimage\"},\"image\":{\"@id\":\"https:\/\/www.lumina-mundi.com\/2025\/09\/07\/odeurs-emotions-cerveau-memoire-olfactive\/#primaryimage\"},\"thumbnailUrl\":\"https:\/\/www.lumina-mundi.com\/wp-content\/uploads\/2025\/09\/2.jpg\",\"datePublished\":\"2025-09-07T15:54:46+00:00\",\"dateModified\":\"2025-09-07T16:03:10+00:00\",\"description\":\"D\u00e9couvrez comment les mol\u00e9cules odorantes agissent directement sur le cerveau, influencent nos \u00e9motions et transforment notre quotidien.\",\"breadcrumb\":{\"@id\":\"https:\/\/www.lumina-mundi.com\/2025\/09\/07\/odeurs-emotions-cerveau-memoire-olfactive\/#breadcrumb\"},\"inLanguage\":\"nl-BE\",\"potentialAction\":[{\"@type\":\"ReadAction\",\"target\":[\"https:\/\/www.lumina-mundi.com\/2025\/09\/07\/odeurs-emotions-cerveau-memoire-olfactive\/\"]}]},{\"@type\":\"ImageObject\",\"inLanguage\":\"nl-BE\",\"@id\":\"https:\/\/www.lumina-mundi.com\/2025\/09\/07\/odeurs-emotions-cerveau-memoire-olfactive\/#primaryimage\",\"url\":\"https:\/\/www.lumina-mundi.com\/wp-content\/uploads\/2025\/09\/2.jpg\",\"contentUrl\":\"https:\/\/www.lumina-mundi.com\/wp-content\/uploads\/2025\/09\/2.jpg\",\"width\":1920,\"height\":1080},{\"@type\":\"BreadcrumbList\",\"@id\":\"https:\/\/www.lumina-mundi.com\/2025\/09\/07\/odeurs-emotions-cerveau-memoire-olfactive\/#breadcrumb\",\"itemListElement\":[{\"@type\":\"ListItem\",\"position\":1,\"name\":\"Accueil\",\"item\":\"https:\/\/www.lumina-mundi.com\/\"},{\"@type\":\"ListItem\",\"position\":2,\"name\":\"Comment les odeurs influencent nos \u00e9motions et notre cerveau.\"}]},{\"@type\":\"WebSite\",\"@id\":\"https:\/\/www.lumina-mundi.com\/#website\",\"url\":\"https:\/\/www.lumina-mundi.com\/\",\"name\":\"LUMINA MUNDI\",\"description\":\"Le pouvoir de la nature pour les humains\",\"publisher\":{\"@id\":\"https:\/\/www.lumina-mundi.com\/#organization\"},\"potentialAction\":[{\"@type\":\"SearchAction\",\"target\":{\"@type\":\"EntryPoint\",\"urlTemplate\":\"https:\/\/www.lumina-mundi.com\/?s={search_term_string}\"},\"query-input\":{\"@type\":\"PropertyValueSpecification\",\"valueRequired\":true,\"valueName\":\"search_term_string\"}}],\"inLanguage\":\"nl-BE\"},{\"@type\":\"Organization\",\"@id\":\"https:\/\/www.lumina-mundi.com\/#organization\",\"name\":\"LUMINA MUNDI\",\"url\":\"https:\/\/www.lumina-mundi.com\/\",\"logo\":{\"@type\":\"ImageObject\",\"inLanguage\":\"nl-BE\",\"@id\":\"https:\/\/www.lumina-mundi.com\/#\/schema\/logo\/image\/\",\"url\":\"https:\/\/i0.wp.com\/www.lumina-mundi.com\/wp-content\/uploads\/2022\/04\/Lumina-Mundi-Logo.png?fit=3392%2C846&ssl=1\",\"contentUrl\":\"https:\/\/i0.wp.com\/www.lumina-mundi.com\/wp-content\/uploads\/2022\/04\/Lumina-Mundi-Logo.png?fit=3392%2C846&ssl=1\",\"width\":3392,\"height\":846,\"caption\":\"LUMINA MUNDI\"},\"image\":{\"@id\":\"https:\/\/www.lumina-mundi.com\/#\/schema\/logo\/image\/\"}},{\"@type\":\"Person\",\"@id\":\"https:\/\/www.lumina-mundi.com\/#\/schema\/person\/3b62c1558aa6b16cff4aa4c14b7c8295\",\"name\":\"Martin Delhasse\"}]}<\/script>\n<!-- \/ Yoast SEO plugin. -->","yoast_head_json":{"title":"Comment les odeurs influencent nos \u00e9motions et notre cerveau. &#8902; LUMINA MUNDI","description":"D\u00e9couvrez comment les mol\u00e9cules odorantes agissent directement sur le cerveau, influencent nos \u00e9motions et transforment notre quotidien.","robots":{"index":"index","follow":"follow","max-snippet":"max-snippet:-1","max-image-preview":"max-image-preview:large","max-video-preview":"max-video-preview:-1"},"canonical":"https:\/\/www.lumina-mundi.com\/nl\/2025\/09\/07\/odeurs-emotions-cerveau-memoire-olfactive\/","og_locale":"nl_BE","og_type":"article","og_title":"Comment les odeurs influencent nos \u00e9motions et notre cerveau. &#8902; LUMINA MUNDI","og_description":"D\u00e9couvrez comment les mol\u00e9cules odorantes agissent directement sur le cerveau, influencent nos \u00e9motions et transforment notre quotidien.","og_url":"https:\/\/www.lumina-mundi.com\/nl\/2025\/09\/07\/odeurs-emotions-cerveau-memoire-olfactive\/","og_site_name":"LUMINA MUNDI","article_published_time":"2025-09-07T15:54:46+00:00","article_modified_time":"2025-09-07T16:03:10+00:00","og_image":[{"width":1920,"height":1080,"url":"https:\/\/www.lumina-mundi.com\/wp-content\/uploads\/2025\/09\/2.jpg","type":"image\/jpeg"}],"author":"Martin Delhasse","twitter_card":"summary_large_image","twitter_misc":{"Geschreven door":"Martin Delhasse","Geschatte leestijd":"3 minuten"},"schema":{"@context":"https:\/\/schema.org","@graph":[{"@type":"Article","@id":"https:\/\/www.lumina-mundi.com\/2025\/09\/07\/odeurs-emotions-cerveau-memoire-olfactive\/#article","isPartOf":{"@id":"https:\/\/www.lumina-mundi.com\/2025\/09\/07\/odeurs-emotions-cerveau-memoire-olfactive\/"},"author":{"name":"Martin Delhasse","@id":"https:\/\/www.lumina-mundi.com\/#\/schema\/person\/3b62c1558aa6b16cff4aa4c14b7c8295"},"headline":"Comment les odeurs influencent nos \u00e9motions et notre cerveau.","datePublished":"2025-09-07T15:54:46+00:00","dateModified":"2025-09-07T16:03:10+00:00","mainEntityOfPage":{"@id":"https:\/\/www.lumina-mundi.com\/2025\/09\/07\/odeurs-emotions-cerveau-memoire-olfactive\/"},"wordCount":619,"commentCount":0,"publisher":{"@id":"https:\/\/www.lumina-mundi.com\/#organization"},"image":{"@id":"https:\/\/www.lumina-mundi.com\/2025\/09\/07\/odeurs-emotions-cerveau-memoire-olfactive\/#primaryimage"},"thumbnailUrl":"https:\/\/www.lumina-mundi.com\/wp-content\/uploads\/2025\/09\/2.jpg","articleSection":["Non class\u00e9"],"inLanguage":"nl-BE","potentialAction":[{"@type":"CommentAction","name":"Comment","target":["https:\/\/www.lumina-mundi.com\/2025\/09\/07\/odeurs-emotions-cerveau-memoire-olfactive\/#respond"]}]},{"@type":"WebPage","@id":"https:\/\/www.lumina-mundi.com\/2025\/09\/07\/odeurs-emotions-cerveau-memoire-olfactive\/","url":"https:\/\/www.lumina-mundi.com\/2025\/09\/07\/odeurs-emotions-cerveau-memoire-olfactive\/","name":"Comment les odeurs influencent nos \u00e9motions et notre cerveau. &#8902; LUMINA MUNDI","isPartOf":{"@id":"https:\/\/www.lumina-mundi.com\/#website"},"primaryImageOfPage":{"@id":"https:\/\/www.lumina-mundi.com\/2025\/09\/07\/odeurs-emotions-cerveau-memoire-olfactive\/#primaryimage"},"image":{"@id":"https:\/\/www.lumina-mundi.com\/2025\/09\/07\/odeurs-emotions-cerveau-memoire-olfactive\/#primaryimage"},"thumbnailUrl":"https:\/\/www.lumina-mundi.com\/wp-content\/uploads\/2025\/09\/2.jpg","datePublished":"2025-09-07T15:54:46+00:00","dateModified":"2025-09-07T16:03:10+00:00","description":"D\u00e9couvrez comment les mol\u00e9cules odorantes agissent directement sur le cerveau, influencent nos \u00e9motions et transforment notre quotidien.","breadcrumb":{"@id":"https:\/\/www.lumina-mundi.com\/2025\/09\/07\/odeurs-emotions-cerveau-memoire-olfactive\/#breadcrumb"},"inLanguage":"nl-BE","potentialAction":[{"@type":"ReadAction","target":["https:\/\/www.lumina-mundi.com\/2025\/09\/07\/odeurs-emotions-cerveau-memoire-olfactive\/"]}]},{"@type":"ImageObject","inLanguage":"nl-BE","@id":"https:\/\/www.lumina-mundi.com\/2025\/09\/07\/odeurs-emotions-cerveau-memoire-olfactive\/#primaryimage","url":"https:\/\/www.lumina-mundi.com\/wp-content\/uploads\/2025\/09\/2.jpg","contentUrl":"https:\/\/www.lumina-mundi.com\/wp-content\/uploads\/2025\/09\/2.jpg","width":1920,"height":1080},{"@type":"BreadcrumbList","@id":"https:\/\/www.lumina-mundi.com\/2025\/09\/07\/odeurs-emotions-cerveau-memoire-olfactive\/#breadcrumb","itemListElement":[{"@type":"ListItem","position":1,"name":"Accueil","item":"https:\/\/www.lumina-mundi.com\/"},{"@type":"ListItem","position":2,"name":"Comment les odeurs influencent nos \u00e9motions et notre cerveau."}]},{"@type":"WebSite","@id":"https:\/\/www.lumina-mundi.com\/#website","url":"https:\/\/www.lumina-mundi.com\/","name":"LUMINA MUNDI","description":"Le pouvoir de la nature pour les humains","publisher":{"@id":"https:\/\/www.lumina-mundi.com\/#organization"},"potentialAction":[{"@type":"SearchAction","target":{"@type":"EntryPoint","urlTemplate":"https:\/\/www.lumina-mundi.com\/?s={search_term_string}"},"query-input":{"@type":"PropertyValueSpecification","valueRequired":true,"valueName":"search_term_string"}}],"inLanguage":"nl-BE"},{"@type":"Organization","@id":"https:\/\/www.lumina-mundi.com\/#organization","name":"LUMINA MUNDI","url":"https:\/\/www.lumina-mundi.com\/","logo":{"@type":"ImageObject","inLanguage":"nl-BE","@id":"https:\/\/www.lumina-mundi.com\/#\/schema\/logo\/image\/","url":"https:\/\/i0.wp.com\/www.lumina-mundi.com\/wp-content\/uploads\/2022\/04\/Lumina-Mundi-Logo.png?fit=3392%2C846&ssl=1","contentUrl":"https:\/\/i0.wp.com\/www.lumina-mundi.com\/wp-content\/uploads\/2022\/04\/Lumina-Mundi-Logo.png?fit=3392%2C846&ssl=1","width":3392,"height":846,"caption":"LUMINA MUNDI"},"image":{"@id":"https:\/\/www.lumina-mundi.com\/#\/schema\/logo\/image\/"}},{"@type":"Person","@id":"https:\/\/www.lumina-mundi.com\/#\/schema\/person\/3b62c1558aa6b16cff4aa4c14b7c8295","name":"Martin Delhasse"}]}},"jetpack_featured_media_url":"https:\/\/www.lumina-mundi.com\/wp-content\/uploads\/2025\/09\/2.jpg","_links":{"self":[{"href":"https:\/\/www.lumina-mundi.com\/nl\/wp-json\/wp\/v2\/posts\/3553","targetHints":{"allow":["GET"]}}],"collection":[{"href":"https:\/\/www.lumina-mundi.com\/nl\/wp-json\/wp\/v2\/posts"}],"about":[{"href":"https:\/\/www.lumina-mundi.com\/nl\/wp-json\/wp\/v2\/types\/post"}],"author":[{"embeddable":true,"href":"https:\/\/www.lumina-mundi.com\/nl\/wp-json\/wp\/v2\/users\/8"}],"replies":[{"embeddable":true,"href":"https:\/\/www.lumina-mundi.com\/nl\/wp-json\/wp\/v2\/comments?post=3553"}],"version-history":[{"count":1,"href":"https:\/\/www.lumina-mundi.com\/nl\/wp-json\/wp\/v2\/posts\/3553\/revisions"}],"predecessor-version":[{"id":3558,"href":"https:\/\/www.lumina-mundi.com\/nl\/wp-json\/wp\/v2\/posts\/3553\/revisions\/3558"}],"wp:featuredmedia":[{"embeddable":true,"href":"https:\/\/www.lumina-mundi.com\/nl\/wp-json\/wp\/v2\/media\/3556"}],"wp:attachment":[{"href":"https:\/\/www.lumina-mundi.com\/nl\/wp-json\/wp\/v2\/media?parent=3553"}],"wp:term":[{"taxonomy":"category","embeddable":true,"href":"https:\/\/www.lumina-mundi.com\/nl\/wp-json\/wp\/v2\/categories?post=3553"},{"taxonomy":"post_tag","embeddable":true,"href":"https:\/\/www.lumina-mundi.com\/nl\/wp-json\/wp\/v2\/tags?post=3553"}],"curies":[{"name":"wp","href":"https:\/\/api.w.org\/{rel}","templated":true}]}}